{"id":612,"date":"2017-06-19T07:19:31","date_gmt":"2017-06-19T07:19:31","guid":{"rendered":"https:\/\/sustainhuts.eu\/?p=612\/"},"modified":"2017-06-19T07:22:10","modified_gmt":"2017-06-19T07:22:10","slug":"proyecto-sustainhuts-celebra-primera-reunion-anual","status":"publish","type":"post","link":"https:\/\/sustainhuts.eu\/es\/proyecto-sustainhuts-celebra-primera-reunion-anual\/","title":{"rendered":"El proyecto SustainHuts celebra su primera reuni\u00f3n anual"},"content":{"rendered":"<h4 class=\"entry-title\"><strong>EL PROYECTO EUROPEO SUSTAINHUTS LOGRA LOS OBJETIVOS PREVISTOS PARA SU PRIMER A\u00d1O <\/strong><\/h4>\n<div class=\"entry-content\">\n<p><strong>El pasado mi\u00e9rcoles 7 de junio la Fundaci\u00f3n Hidrogeno Arag\u00f3n acogi\u00f3 la primera reuni\u00f3n anual del proyecto LIFE <a href=\"http:\/\/hidrogenoaragon.org\/es\/portfolio-items\/sustainhuts\/\">SustainHuts<\/a>. Un consorcio formado por la Federaci\u00f3n Aragonesa de Monta\u00f1ismo, el Club Alpino secci\u00f3n Tur\u00edn (Italia), Environmental Park (Italia), la Asociaci\u00f3n de Monta\u00f1a de Eslovenia, el Centro de Tecnolog\u00edas del Hidr\u00f3geno de Eslovenia, la Universidad de Liubliana (Eslovenia).<\/strong><\/p>\n<p>&nbsp;<\/p>\n<p>La reuni\u00f3n del proyecto SustainHuts se concluy\u00f3 el logro de los principales objetivos previstos para el primer a\u00f1o que permiten encarar con confianza las siguientes fases. En la actualidad se dispone de un conocimiento detallado del estado actual de los refugios acogidos al proyecto, y se est\u00e1n finalizando los estudios de las tecnolog\u00edas renovables a implementar, as\u00ed como las acciones orientadas a mejorar la eficiencia en el uso de la energ\u00eda en los refugios.<\/p>\n<p>As\u00ed mismo, una vez pasado el invierno, el acceso a los refugios es m\u00e1s sencillo y permite retomar las actividades de campo. Durante las pr\u00f3ximas semanas se regresar\u00e1 a los refugios de Bachima\u00f1a, Est\u00f3s y La Renclusa para finalizar la instalaci\u00f3n de los equipos de medida de consumo, y en el caso de Lizara y Llauset se regresar\u00e1 para recoger y analizar la informaci\u00f3n de los equipos instalados el a\u00f1o pasado. En cuanto a los dos refugios eslovenos (Pogacnikov y Kocbekov) tambi\u00e9n se retomar\u00e1n las actividades tras el cierre durante los meses de invierno (est\u00e1n cerrados casi 10 meses al a\u00f1o). Por otra parte, el Rifugio di Torino, aunque est\u00e1 abierto todo el a\u00f1o, debido a su elevada altitud (3300 m) todav\u00eda en estas fechas tiene medio metro de nieve en su cubierta, por lo que los socios italianos todav\u00eda tienen que esperar un tiempo para poder realizar las actividades previstas.<\/p>\n<p>Pero no todo son noticias positivas en el proyecto. Uno de los socios, los rumanos de la Universidad de Brasovia, han comunicado su salida oficial del proyecto. Esta decisi\u00f3n es consecuencia de las enormes dificultades que los socios rumanos han encontrado, a nivel de permisos, para poder implementar las tecnolog\u00edas previstas en su refugio de Doftana Valley, que en su caso se trataba de una turbina micro-hidr\u00e1ulica. Durante la reuni\u00f3n anual se debati\u00f3 este asunto en el consorcio y se est\u00e1n estudiando varias alternativas, \u00a0entre ellas la integraci\u00f3n de un nuevo socio de un pa\u00eds no representado o que alguno de los socios incorpore un nuevo refugio de caracter\u00edsticas similares a las del refugio rumano que deja el proyecto.<\/p>\n<\/div>\n","protected":false},"excerpt":{"rendered":"<p>EL PROYECTO EUROPEO SUSTAINHUTS LOGRA LOS OBJETIVOS PREVISTOS PARA SU PRIMER A\u00d1O El pasado mi\u00e9rcoles 7 de junio la Fundaci\u00f3n Hidrogeno Arag\u00f3n acogi\u00f3 la primera reuni\u00f3n anual del proyecto LIFE SustainHuts. Un consorcio formado por la Federaci\u00f3n Aragonesa de Monta\u00f1ismo, el Club Alpino secci\u00f3n Tur\u00edn (Italia), Environmental Park (Italia), la Asociaci\u00f3n de Monta\u00f1a de Eslovenia,&hellip;<\/p>\n","protected":false},"author":8,"featured_media":604,"comment_status":"closed","ping_status":"open","sticky":false,"template":"","format":"standard","meta":{"footnotes":""},"categories":[5],"tags":[42,44,40,43,41,102],"post_series":[],"class_list":["post-612","post","type-post","status-publish","format-standard","has-post-thumbnail","hentry","category-sin-categorizar","tag-energias-renovables","tag-programa-life","tag-proyecto-europeo","tag-reunion-anual","tag-sostenibilidad","tag-sustainhuts-es","entry","has-media"],"yoast_head":"<!-- This site is optimized with the Yoast SEO plugin v27.3 - https:\/\/yoast.com\/product\/yoast-seo-wordpress\/ -->\n<title>SustainHuts logra sus objetivos para su primer a\u00f1o<\/title>\n<meta name=\"description\" content=\"El proyecto europeo SUSTAINHUTS celebra en la Fundaci\u00f3n Hidr\u00f3geno Arag\u00f3n su primera reuni\u00f3n anual. El proyecto logra cumplir los objetivos anuales.\" \/>\n<meta name=\"robots\" content=\"index, follow, max-snippet:-1, max-image-preview:large, max-video-preview:-1\" \/>\n<link rel=\"canonical\" href=\"https:\/\/sustainhuts.eu\/es\/proyecto-sustainhuts-celebra-primera-reunion-anual\/\" \/>\n<meta property=\"og:locale\" content=\"es_ES\" \/>\n<meta property=\"og:type\" content=\"article\" \/>\n<meta property=\"og:title\" content=\"SustainHuts logra sus objetivos para su primer a\u00f1o\" \/>\n<meta property=\"og:description\" content=\"El proyecto europeo SUSTAINHUTS celebra en la Fundaci\u00f3n Hidr\u00f3geno Arag\u00f3n su primera reuni\u00f3n anual. El proyecto logra cumplir los objetivos anuales.\" \/>\n<meta property=\"og:url\" content=\"https:\/\/sustainhuts.eu\/es\/proyecto-sustainhuts-celebra-primera-reunion-anual\/\" \/>\n<meta property=\"og:site_name\" content=\"SustainHuts\" \/>\n<meta property=\"article:published_time\" content=\"2017-06-19T07:19:31+00:00\" \/>\n<meta property=\"article:modified_time\" content=\"2017-06-19T07:22:10+00:00\" \/>\n<meta property=\"og:image\" content=\"https:\/\/sustainhuts.eu\/wp-content\/uploads\/2017\/06\/Foto-7-6-17-14-58-05.jpg\" \/>\n\t<meta property=\"og:image:width\" content=\"3175\" \/>\n\t<meta property=\"og:image:height\" content=\"2306\" \/>\n\t<meta property=\"og:image:type\" content=\"image\/jpeg\" \/>\n<meta name=\"author\" content=\"Sustainhuts\" \/>\n<meta name=\"twitter:card\" content=\"summary_large_image\" \/>\n<meta name=\"twitter:label1\" content=\"Escrito por\" \/>\n\t<meta name=\"twitter:data1\" content=\"Sustainhuts\" \/>\n\t<meta name=\"twitter:label2\" content=\"Tiempo de lectura\" \/>\n\t<meta name=\"twitter:data2\" content=\"2 minutes\" \/>\n<script type=\"application\/ld+json\" class=\"yoast-schema-graph\">{\"@context\":\"https:\\\/\\\/schema.org\",\"@graph\":[{\"@type\":\"Article\",\"@id\":\"https:\\\/\\\/sustainhuts.eu\\\/es\\\/proyecto-sustainhuts-celebra-primera-reunion-anual\\\/#article\",\"isPartOf\":{\"@id\":\"https:\\\/\\\/sustainhuts.eu\\\/es\\\/proyecto-sustainhuts-celebra-primera-reunion-anual\\\/\"},\"author\":{\"name\":\"Sustainhuts\",\"@id\":\"https:\\\/\\\/sustainhuts.eu\\\/#\\\/schema\\\/person\\\/fcaee4d13e56fbf7c13a81c9bfb38473\"},\"headline\":\"El proyecto SustainHuts celebra su primera reuni\u00f3n anual\",\"datePublished\":\"2017-06-19T07:19:31+00:00\",\"dateModified\":\"2017-06-19T07:22:10+00:00\",\"mainEntityOfPage\":{\"@id\":\"https:\\\/\\\/sustainhuts.eu\\\/es\\\/proyecto-sustainhuts-celebra-primera-reunion-anual\\\/\"},\"wordCount\":459,\"publisher\":{\"@id\":\"https:\\\/\\\/sustainhuts.eu\\\/#organization\"},\"image\":{\"@id\":\"https:\\\/\\\/sustainhuts.eu\\\/es\\\/proyecto-sustainhuts-celebra-primera-reunion-anual\\\/#primaryimage\"},\"thumbnailUrl\":\"https:\\\/\\\/sustainhuts.eu\\\/wp-content\\\/uploads\\\/2017\\\/06\\\/Foto-7-6-17-14-58-05.jpg\",\"keywords\":[\"energ\u00edas renovables\",\"Programa LIFE\",\"proyecto europeo\",\"Reuni\u00f3n Anual\",\"sostenibilidad\",\"SustainHuts\"],\"articleSection\":[\"Sin categorizar\"],\"inLanguage\":\"es-ES\"},{\"@type\":\"WebPage\",\"@id\":\"https:\\\/\\\/sustainhuts.eu\\\/es\\\/proyecto-sustainhuts-celebra-primera-reunion-anual\\\/\",\"url\":\"https:\\\/\\\/sustainhuts.eu\\\/es\\\/proyecto-sustainhuts-celebra-primera-reunion-anual\\\/\",\"name\":\"SustainHuts logra sus objetivos para su primer a\u00f1o\",\"isPartOf\":{\"@id\":\"https:\\\/\\\/sustainhuts.eu\\\/#website\"},\"primaryImageOfPage\":{\"@id\":\"https:\\\/\\\/sustainhuts.eu\\\/es\\\/proyecto-sustainhuts-celebra-primera-reunion-anual\\\/#primaryimage\"},\"image\":{\"@id\":\"https:\\\/\\\/sustainhuts.eu\\\/es\\\/proyecto-sustainhuts-celebra-primera-reunion-anual\\\/#primaryimage\"},\"thumbnailUrl\":\"https:\\\/\\\/sustainhuts.eu\\\/wp-content\\\/uploads\\\/2017\\\/06\\\/Foto-7-6-17-14-58-05.jpg\",\"datePublished\":\"2017-06-19T07:19:31+00:00\",\"dateModified\":\"2017-06-19T07:22:10+00:00\",\"description\":\"El proyecto europeo SUSTAINHUTS celebra en la Fundaci\u00f3n Hidr\u00f3geno Arag\u00f3n su primera reuni\u00f3n anual. El proyecto logra cumplir los objetivos anuales.\",\"breadcrumb\":{\"@id\":\"https:\\\/\\\/sustainhuts.eu\\\/es\\\/proyecto-sustainhuts-celebra-primera-reunion-anual\\\/#breadcrumb\"},\"inLanguage\":\"es-ES\",\"potentialAction\":[{\"@type\":\"ReadAction\",\"target\":[\"https:\\\/\\\/sustainhuts.eu\\\/es\\\/proyecto-sustainhuts-celebra-primera-reunion-anual\\\/\"]}]},{\"@type\":\"ImageObject\",\"inLanguage\":\"es-ES\",\"@id\":\"https:\\\/\\\/sustainhuts.eu\\\/es\\\/proyecto-sustainhuts-celebra-primera-reunion-anual\\\/#primaryimage\",\"url\":\"https:\\\/\\\/sustainhuts.eu\\\/wp-content\\\/uploads\\\/2017\\\/06\\\/Foto-7-6-17-14-58-05.jpg\",\"contentUrl\":\"https:\\\/\\\/sustainhuts.eu\\\/wp-content\\\/uploads\\\/2017\\\/06\\\/Foto-7-6-17-14-58-05.jpg\",\"width\":3175,\"height\":2306,\"caption\":\"Los socios del proyecto europeo SUSTAINHUTS celebraron en las instalaciones de la Fundaci\u00f3n Hidr\u00f3geno Arag\u00f3n su primera reuni\u00f3n anual. Las conclusiones de esta reuni\u00f3n fueron positivas ya que se han logrado cumplir todos los objetivos propuestos para el primer a\u00f1o de vida del proyecto.\"},{\"@type\":\"BreadcrumbList\",\"@id\":\"https:\\\/\\\/sustainhuts.eu\\\/es\\\/proyecto-sustainhuts-celebra-primera-reunion-anual\\\/#breadcrumb\",\"itemListElement\":[{\"@type\":\"ListItem\",\"position\":1,\"name\":\"Home\",\"item\":\"https:\\\/\\\/sustainhuts.eu\\\/es\\\/\"},{\"@type\":\"ListItem\",\"position\":2,\"name\":\"El proyecto SustainHuts celebra su primera reuni\u00f3n anual\"}]},{\"@type\":\"WebSite\",\"@id\":\"https:\\\/\\\/sustainhuts.eu\\\/#website\",\"url\":\"https:\\\/\\\/sustainhuts.eu\\\/\",\"name\":\"SustainHuts\",\"description\":\"Sustainable Mountain Huts\",\"publisher\":{\"@id\":\"https:\\\/\\\/sustainhuts.eu\\\/#organization\"},\"potentialAction\":[{\"@type\":\"SearchAction\",\"target\":{\"@type\":\"EntryPoint\",\"urlTemplate\":\"https:\\\/\\\/sustainhuts.eu\\\/?s={search_term_string}\"},\"query-input\":{\"@type\":\"PropertyValueSpecification\",\"valueRequired\":true,\"valueName\":\"search_term_string\"}}],\"inLanguage\":\"es-ES\"},{\"@type\":\"Organization\",\"@id\":\"https:\\\/\\\/sustainhuts.eu\\\/#organization\",\"name\":\"SustainHuts\",\"url\":\"https:\\\/\\\/sustainhuts.eu\\\/\",\"logo\":{\"@type\":\"ImageObject\",\"inLanguage\":\"es-ES\",\"@id\":\"https:\\\/\\\/sustainhuts.eu\\\/#\\\/schema\\\/logo\\\/image\\\/\",\"url\":\"https:\\\/\\\/sustainhuts.eu\\\/wp-content\\\/uploads\\\/2016\\\/12\\\/logo-sustain.png\",\"contentUrl\":\"https:\\\/\\\/sustainhuts.eu\\\/wp-content\\\/uploads\\\/2016\\\/12\\\/logo-sustain.png\",\"width\":240,\"height\":147,\"caption\":\"SustainHuts\"},\"image\":{\"@id\":\"https:\\\/\\\/sustainhuts.eu\\\/#\\\/schema\\\/logo\\\/image\\\/\"}},{\"@type\":\"Person\",\"@id\":\"https:\\\/\\\/sustainhuts.eu\\\/#\\\/schema\\\/person\\\/fcaee4d13e56fbf7c13a81c9bfb38473\",\"name\":\"Sustainhuts\",\"image\":{\"@type\":\"ImageObject\",\"inLanguage\":\"es-ES\",\"@id\":\"https:\\\/\\\/secure.gravatar.com\\\/avatar\\\/6de71d94ddbe53300573784b7e5602a500dc5db34a66c0479fca9e32bd90f0c6?s=96&d=mm&r=g\",\"url\":\"https:\\\/\\\/secure.gravatar.com\\\/avatar\\\/6de71d94ddbe53300573784b7e5602a500dc5db34a66c0479fca9e32bd90f0c6?s=96&d=mm&r=g\",\"contentUrl\":\"https:\\\/\\\/secure.gravatar.com\\\/avatar\\\/6de71d94ddbe53300573784b7e5602a500dc5db34a66c0479fca9e32bd90f0c6?s=96&d=mm&r=g\",\"caption\":\"Sustainhuts\"}}]}<\/script>\n<!-- \/ Yoast SEO plugin. -->","yoast_head_json":{"title":"SustainHuts logra sus objetivos para su primer a\u00f1o","description":"El proyecto europeo SUSTAINHUTS celebra en la Fundaci\u00f3n Hidr\u00f3geno Arag\u00f3n su primera reuni\u00f3n anual. El proyecto logra cumplir los objetivos anuales.","robots":{"index":"index","follow":"follow","max-snippet":"max-snippet:-1","max-image-preview":"max-image-preview:large","max-video-preview":"max-video-preview:-1"},"canonical":"https:\/\/sustainhuts.eu\/es\/proyecto-sustainhuts-celebra-primera-reunion-anual\/","og_locale":"es_ES","og_type":"article","og_title":"SustainHuts logra sus objetivos para su primer a\u00f1o","og_description":"El proyecto europeo SUSTAINHUTS celebra en la Fundaci\u00f3n Hidr\u00f3geno Arag\u00f3n su primera reuni\u00f3n anual. El proyecto logra cumplir los objetivos anuales.","og_url":"https:\/\/sustainhuts.eu\/es\/proyecto-sustainhuts-celebra-primera-reunion-anual\/","og_site_name":"SustainHuts","article_published_time":"2017-06-19T07:19:31+00:00","article_modified_time":"2017-06-19T07:22:10+00:00","og_image":[{"width":3175,"height":2306,"url":"https:\/\/sustainhuts.eu\/wp-content\/uploads\/2017\/06\/Foto-7-6-17-14-58-05.jpg","type":"image\/jpeg"}],"author":"Sustainhuts","twitter_card":"summary_large_image","twitter_misc":{"Escrito por":"Sustainhuts","Tiempo de lectura":"2 minutes"},"schema":{"@context":"https:\/\/schema.org","@graph":[{"@type":"Article","@id":"https:\/\/sustainhuts.eu\/es\/proyecto-sustainhuts-celebra-primera-reunion-anual\/#article","isPartOf":{"@id":"https:\/\/sustainhuts.eu\/es\/proyecto-sustainhuts-celebra-primera-reunion-anual\/"},"author":{"name":"Sustainhuts","@id":"https:\/\/sustainhuts.eu\/#\/schema\/person\/fcaee4d13e56fbf7c13a81c9bfb38473"},"headline":"El proyecto SustainHuts celebra su primera reuni\u00f3n anual","datePublished":"2017-06-19T07:19:31+00:00","dateModified":"2017-06-19T07:22:10+00:00","mainEntityOfPage":{"@id":"https:\/\/sustainhuts.eu\/es\/proyecto-sustainhuts-celebra-primera-reunion-anual\/"},"wordCount":459,"publisher":{"@id":"https:\/\/sustainhuts.eu\/#organization"},"image":{"@id":"https:\/\/sustainhuts.eu\/es\/proyecto-sustainhuts-celebra-primera-reunion-anual\/#primaryimage"},"thumbnailUrl":"https:\/\/sustainhuts.eu\/wp-content\/uploads\/2017\/06\/Foto-7-6-17-14-58-05.jpg","keywords":["energ\u00edas renovables","Programa LIFE","proyecto europeo","Reuni\u00f3n Anual","sostenibilidad","SustainHuts"],"articleSection":["Sin categorizar"],"inLanguage":"es-ES"},{"@type":"WebPage","@id":"https:\/\/sustainhuts.eu\/es\/proyecto-sustainhuts-celebra-primera-reunion-anual\/","url":"https:\/\/sustainhuts.eu\/es\/proyecto-sustainhuts-celebra-primera-reunion-anual\/","name":"SustainHuts logra sus objetivos para su primer a\u00f1o","isPartOf":{"@id":"https:\/\/sustainhuts.eu\/#website"},"primaryImageOfPage":{"@id":"https:\/\/sustainhuts.eu\/es\/proyecto-sustainhuts-celebra-primera-reunion-anual\/#primaryimage"},"image":{"@id":"https:\/\/sustainhuts.eu\/es\/proyecto-sustainhuts-celebra-primera-reunion-anual\/#primaryimage"},"thumbnailUrl":"https:\/\/sustainhuts.eu\/wp-content\/uploads\/2017\/06\/Foto-7-6-17-14-58-05.jpg","datePublished":"2017-06-19T07:19:31+00:00","dateModified":"2017-06-19T07:22:10+00:00","description":"El proyecto europeo SUSTAINHUTS celebra en la Fundaci\u00f3n Hidr\u00f3geno Arag\u00f3n su primera reuni\u00f3n anual. El proyecto logra cumplir los objetivos anuales.","breadcrumb":{"@id":"https:\/\/sustainhuts.eu\/es\/proyecto-sustainhuts-celebra-primera-reunion-anual\/#breadcrumb"},"inLanguage":"es-ES","potentialAction":[{"@type":"ReadAction","target":["https:\/\/sustainhuts.eu\/es\/proyecto-sustainhuts-celebra-primera-reunion-anual\/"]}]},{"@type":"ImageObject","inLanguage":"es-ES","@id":"https:\/\/sustainhuts.eu\/es\/proyecto-sustainhuts-celebra-primera-reunion-anual\/#primaryimage","url":"https:\/\/sustainhuts.eu\/wp-content\/uploads\/2017\/06\/Foto-7-6-17-14-58-05.jpg","contentUrl":"https:\/\/sustainhuts.eu\/wp-content\/uploads\/2017\/06\/Foto-7-6-17-14-58-05.jpg","width":3175,"height":2306,"caption":"Los socios del proyecto europeo SUSTAINHUTS celebraron en las instalaciones de la Fundaci\u00f3n Hidr\u00f3geno Arag\u00f3n su primera reuni\u00f3n anual. Las conclusiones de esta reuni\u00f3n fueron positivas ya que se han logrado cumplir todos los objetivos propuestos para el primer a\u00f1o de vida del proyecto."},{"@type":"BreadcrumbList","@id":"https:\/\/sustainhuts.eu\/es\/proyecto-sustainhuts-celebra-primera-reunion-anual\/#breadcrumb","itemListElement":[{"@type":"ListItem","position":1,"name":"Home","item":"https:\/\/sustainhuts.eu\/es\/"},{"@type":"ListItem","position":2,"name":"El proyecto SustainHuts celebra su primera reuni\u00f3n anual"}]},{"@type":"WebSite","@id":"https:\/\/sustainhuts.eu\/#website","url":"https:\/\/sustainhuts.eu\/","name":"SustainHuts","description":"Sustainable Mountain Huts","publisher":{"@id":"https:\/\/sustainhuts.eu\/#organization"},"potentialAction":[{"@type":"SearchAction","target":{"@type":"EntryPoint","urlTemplate":"https:\/\/sustainhuts.eu\/?s={search_term_string}"},"query-input":{"@type":"PropertyValueSpecification","valueRequired":true,"valueName":"search_term_string"}}],"inLanguage":"es-ES"},{"@type":"Organization","@id":"https:\/\/sustainhuts.eu\/#organization","name":"SustainHuts","url":"https:\/\/sustainhuts.eu\/","logo":{"@type":"ImageObject","inLanguage":"es-ES","@id":"https:\/\/sustainhuts.eu\/#\/schema\/logo\/image\/","url":"https:\/\/sustainhuts.eu\/wp-content\/uploads\/2016\/12\/logo-sustain.png","contentUrl":"https:\/\/sustainhuts.eu\/wp-content\/uploads\/2016\/12\/logo-sustain.png","width":240,"height":147,"caption":"SustainHuts"},"image":{"@id":"https:\/\/sustainhuts.eu\/#\/schema\/logo\/image\/"}},{"@type":"Person","@id":"https:\/\/sustainhuts.eu\/#\/schema\/person\/fcaee4d13e56fbf7c13a81c9bfb38473","name":"Sustainhuts","image":{"@type":"ImageObject","inLanguage":"es-ES","@id":"https:\/\/secure.gravatar.com\/avatar\/6de71d94ddbe53300573784b7e5602a500dc5db34a66c0479fca9e32bd90f0c6?s=96&d=mm&r=g","url":"https:\/\/secure.gravatar.com\/avatar\/6de71d94ddbe53300573784b7e5602a500dc5db34a66c0479fca9e32bd90f0c6?s=96&d=mm&r=g","contentUrl":"https:\/\/secure.gravatar.com\/avatar\/6de71d94ddbe53300573784b7e5602a500dc5db34a66c0479fca9e32bd90f0c6?s=96&d=mm&r=g","caption":"Sustainhuts"}}]}},"_links":{"self":[{"href":"https:\/\/sustainhuts.eu\/es\/wp-json\/wp\/v2\/posts\/612","targetHints":{"allow":["GET"]}}],"collection":[{"href":"https:\/\/sustainhuts.eu\/es\/wp-json\/wp\/v2\/posts"}],"about":[{"href":"https:\/\/sustainhuts.eu\/es\/wp-json\/wp\/v2\/types\/post"}],"author":[{"embeddable":true,"href":"https:\/\/sustainhuts.eu\/es\/wp-json\/wp\/v2\/users\/8"}],"replies":[{"embeddable":true,"href":"https:\/\/sustainhuts.eu\/es\/wp-json\/wp\/v2\/comments?post=612"}],"version-history":[{"count":4,"href":"https:\/\/sustainhuts.eu\/es\/wp-json\/wp\/v2\/posts\/612\/revisions"}],"predecessor-version":[{"id":615,"href":"https:\/\/sustainhuts.eu\/es\/wp-json\/wp\/v2\/posts\/612\/revisions\/615"}],"wp:featuredmedia":[{"embeddable":true,"href":"https:\/\/sustainhuts.eu\/es\/wp-json\/wp\/v2\/media\/604"}],"wp:attachment":[{"href":"https:\/\/sustainhuts.eu\/es\/wp-json\/wp\/v2\/media?parent=612"}],"wp:term":[{"taxonomy":"category","embeddable":true,"href":"https:\/\/sustainhuts.eu\/es\/wp-json\/wp\/v2\/categories?post=612"},{"taxonomy":"post_tag","embeddable":true,"href":"https:\/\/sustainhuts.eu\/es\/wp-json\/wp\/v2\/tags?post=612"},{"taxonomy":"post_series","embeddable":true,"href":"https:\/\/sustainhuts.eu\/es\/wp-json\/wp\/v2\/post_series?post=612"}],"curies":[{"name":"wp","href":"https:\/\/api.w.org\/{rel}","templated":true}]}}